{"id":885,"date":"2020-05-23T22:05:35","date_gmt":"2020-05-24T01:05:35","guid":{"rendered":"https:\/\/www.dimmes.com.br\/blogpp\/?p=885"},"modified":"2020-05-23T22:55:15","modified_gmt":"2020-05-24T01:55:15","slug":"frio-chegando-como-se-prevenir-das-temidas-doencas-do-inverno-com-eficiencia","status":"publish","type":"post","link":"https:\/\/www.dimmes.com.br\/blogpp\/frio-chegando-como-se-prevenir-das-temidas-doencas-do-inverno-com-eficiencia\/","title":{"rendered":"Frio chegando. Como  se prevenir das temidas doen\u00e7as do inverno com efici\u00eancia?"},"content":{"rendered":"\t\t<div data-elementor-type=\"wp-post\" data-elementor-id=\"885\" class=\"elementor elementor-885\">\n\t\t\t\t\t\t\t\t\t<section class=\"elementor-section elementor-top-section elementor-element elementor-element-296e4f7 elementor-section-boxed elementor-section-height-default elementor-section-height-default wpr-particle-no wpr-jarallax-no wpr-parallax-no wpr-sticky-section-no\" data-id=\"296e4f7\" data-element_type=\"section\">\n\t\t\t\t\t\t<div class=\"elementor-container elementor-column-gap-default\">\n\t\t\t\t\t<div class=\"elementor-column elementor-col-100 elementor-top-column elementor-element elementor-element-4574034\" data-id=\"4574034\" data-element_type=\"column\">\n\t\t\t<div class=\"elementor-widget-wrap elementor-element-populated\">\n\t\t\t\t\t\t\t\t<div class=\"elementor-element elementor-element-ad846f8 elementor-widget elementor-widget-text-editor\" data-id=\"ad846f8\" data-element_type=\"widget\" data-widget_type=\"text-editor.default\">\n\t\t\t\t<div class=\"elementor-widget-container\">\n\t\t\t\t\t\t\t<p>O inverno se aproxima e<b> nunca \u00e9 cedo demais<\/b> para come\u00e7ar a se preparar para ele. Ainda mais agora com a pandemia do Coronav\u00edrus que veio para ficar junto com outros v\u00edrus que se espalham principalmente no inverno.<\/p><p>Isso tamb\u00e9m inclui a sa\u00fade dos pequenos, especialmente os beb\u00eas, j\u00e1 que s\u00e3o os que mais sofrem durante esta esta\u00e7\u00e3o, por n\u00e3o possu\u00edrem imunidade suficiente.<\/p><h2>As\u00a0doen\u00e7as mais comuns no inverno\u00a0s\u00e3o:<\/h2><ul type=\"disc\"><li>Gripe;<\/li><li>Alergias na pele por conta de cobertores, \u00e1gua muito quente, aquecedor de ambiente;<\/li><li>Problemas respirat\u00f3rios, como bronquite, asma, rinite;<\/li><li>Febre;<\/li><li>Dor de ouvido.<\/li><li>\u00a0<\/li><\/ul><p>Mas existem outras doen\u00e7as mais graves como pneumonia, tuberculose entre outras.<\/p><p>O inverno come\u00e7a<b> oficialmente dia 21 de junho e<\/b>, com ele, os cuidados devem ser maiores do que em outras esta\u00e7\u00f5es do ano.<\/p><p><b>Crian\u00e7as e idosos <\/b>s\u00e3o os que mais sofrem de \u00a0problemas respirat\u00f3rios, j\u00e1 que possuem um sistema imunol\u00f3gico mais fr\u00e1gil e ficam mais suscet\u00edveis aos v\u00edrus e bact\u00e9rias presentes no ar.<\/p><p><b>At\u00e9 os dois anos de idade, o sistema imunol\u00f3gico das crian\u00e7as est\u00e1 em forma\u00e7\u00e3o, <\/b>e isso torna seu organismo um alvo f\u00e1cil para as doen\u00e7as do inverno.<\/p><p>Por isso, nessa idade, \u00e9 importante procurar um m\u00e9dico quando uma gripe ou resfriado aparecer. Evite tamb\u00e9m lugares fechados e com aglomera\u00e7\u00e3o de pessoas, pois a chance de contamina\u00e7\u00e3o \u00e9 ainda maior;.<br \/><!-- [if !supportLineBreakNewLine]--><br \/><!--[endif]--><\/p><p>O <b>aleitamento materno<\/b> \u00e9 uma grande fonte de anticorpos e ajuda na forma\u00e7\u00e3o do sistema imunol\u00f3gico dos beb\u00eas. Por isso a recomenda\u00e7\u00e3o de evitar leites industrializados pelo menos at\u00e9 o sexto m\u00eas de vida da crian\u00e7a.<br \/><!-- [if !supportLineBreakNewLine]--><br \/><!--[endif]--><\/p><p>Veja abaixo mais algumas dicas que v\u00e3o ajudar a manter os pequenos longe das gripes e resfriados:<\/p><h6>\u2013\u00a0\u00a0\u00a0Fique de olho na carteirinha de vacina\u00e7\u00e3o: vacinas em dia evitam cont\u00e1gio de doen\u00e7as graves. Se poss\u00edvel, procure tamb\u00e9m aplicar a vacina da gripe, dispon\u00edvel nos postos de sa\u00fade pr\u00f3ximo ao in\u00edcio do inverno;<\/h6><p><!-- [if !supportLineBreakNewLine]--><br \/><!--[endif]--><\/p><h6>\u2013\u00a0\u00a0Evite fumar ou manter fumantes em \u00a0locais pr\u00f3ximos \u00e0s crian\u00e7as, pois a fuma\u00e7a \u00e9 t\u00f3xica e causa irrita\u00e7\u00e3o nas vias respirat\u00f3rias;<\/h6><p><!-- [if !supportLineBreakNewLine]--><br \/><!--[endif]--><\/p><h6>\u2013\u00a0\u00a0\u00a0Caso seu filho apresente sinais de gripe ou outra \u00a0doen\u00e7a respirat\u00f3ria, evite lev\u00e1-lo \u00e0 escola para n\u00e3o espalhar os v\u00edrus ou bact\u00e9rias.<\/h6><p>O repouso em casa tamb\u00e9m ir\u00e1 ajud\u00e1-lo na recupera\u00e7\u00e3o, embora, por causa do isolamento social por conta do Coronav\u00edrus, as crian\u00e7as j\u00e1 est\u00e3o em casa porque \u00a0as aulas est\u00e3o \u00a0suspensas.<\/p><p><!-- [if !supportLineBreakNewLine]--><br \/><!--[endif]--><\/p><h6>\u2013\u00a0\u00a0\u00a0Agasalhe bem seu filho, PRINCIPALMENTE, PEITO E COSTAS, colocando se poss\u00edvel \u00a0a parte de baixo da camiseta por dentro da cal\u00e7a, evitando assim qualquer contato com o ar frio do ambiente. \u00a0<\/h6><p>Por\u00e9m n\u00e3o o agasalhe \u00a0em excesso: o calor excessivo pode fazer a crian\u00e7a transpirar e deix\u00e1-la mais exposta ao frio;<\/p><p><!-- [if !supportLineBreakNewLine]--><br \/><!--[endif]--><\/p><h6>\u2013\u00a0 \u00a0Evite ao m\u00e1ximo o contato de crian\u00e7as com pessoas com sintomas de gripe ou qualquer outro descrito anteriormente.<\/h6><p>Considerando a pandemia do Coronav\u00edrus,\u00a0 fa\u00e7a os procedimentos de assepsia das m\u00e3os, objetos e roupas, \u00a0sempre que voltar para casa, \u00a0ap\u00f3s \u00a0tiver que sair , al\u00e9m do uso da m\u00e1scara o maior tempo poss\u00edvel, \u00e9 claro.<\/p><p>Com todos esses cuidados, fica mais f\u00e1cil manter a crian\u00e7ada saud\u00e1vel e longe das doen\u00e7as do inverno!<\/p><p>\u00a0<\/p><p><b>Deixe um coment\u00e1rio dizendo o que voc\u00ea achou deste post.<\/b><\/p><p>\u00a0<\/p><p><b>Se quiser compartilh\u00e1-lo, segue o link deste post abaixo.<\/b><\/p><p><a href=\"https:\/\/www.dimmes.com.br\/blogpp\/frio-chegando-como-se-prevenir-das-temidas-doencas-do-inverno-com-eficiencia\/\" target=\"_blank\" rel=\"noopener\"><b>https:\/\/www.dimmes.com.br\/blogpp\/frio-chegando-como-se-prevenir-das-temidas-doencas-do-inverno-com-eficiencia\/<\/b><\/a><\/p><p>\u00a0<\/p><p>Este post \u00e9 um oferecimento de Dimmes Loja virtual. A loja que vende produtos oficiais do Patati Patat\u00e1.\u00a0<\/p><p><b>Se voc\u00ea e seu filho s\u00e3o\u00a0 f\u00e3s do\u00a0 Patati Patat\u00e1, visite nossa loja em\u00a0\u00a0<\/b><span style=\"background-color: #ffffff; letter-spacing: 0px;\"><a href=\"https:\/\/www.dimmes.com.br\/loja\/?utm_source=blogpp&amp;utm_medium=blogpp-inverno\">https:\/\/www.dimmes.com.br\/loja\/index.php<\/a><\/span><\/p>\t\t\t\t\t\t<\/div>\n\t\t\t\t<\/div>\n\t\t\t\t\t<\/div>\n\t\t<\/div>\n\t\t\t\t\t\t\t<\/div>\n\t\t<\/section>\n\t\t\t\t\t\t\t<\/div>\n\t\t","protected":false},"excerpt":{"rendered":"<p>O inverno se aproxima e nunca \u00e9 cedo demais para come\u00e7ar a se preparar para ele. Ainda mais agora com a pandemia do Coronav\u00edrus que veio para ficar junto com outros v\u00edrus que se espalham principalmente no inverno. Isso tamb\u00e9m inclui a sa\u00fade dos pequenos, especialmente os beb\u00eas, j\u00e1 que s\u00e3o os que mais sofrem durante esta esta\u00e7\u00e3o, por n\u00e3o possu\u00edrem imunidade suficiente. As&nbsp;doen\u00e7as mais comuns no inverno&nbsp;s\u00e3o: Gripe; Alergias na pele por conta de cobertores, \u00e1gua muito quente, aquecedor de ambiente; Problemas respirat\u00f3rios, como bronquite, asma, rinite; Febre; Dor de ouvido. &nbsp; Mas existem outras doen\u00e7as mais graves como pneumonia, tuberculose entre outras. O inverno come\u00e7a oficialmente dia 21 de junho e, com ele, os cuidados devem ser maiores do que em outras esta\u00e7\u00f5es do ano. Crian\u00e7as e idosos s\u00e3o os que mais sofrem de &nbsp;problemas respirat\u00f3rios, j\u00e1 que possuem um sistema imunol\u00f3gico mais fr\u00e1gil e ficam mais suscet\u00edveis aos v\u00edrus e bact\u00e9rias presentes no ar. At\u00e9 os dois anos de idade, o sistema imunol\u00f3gico das crian\u00e7as est\u00e1 em forma\u00e7\u00e3o, e isso torna seu organismo um alvo f\u00e1cil para as doen\u00e7as do inverno. Por isso, nessa idade, \u00e9 importante procurar um m\u00e9dico quando uma gripe ou resfriado aparecer. Evite tamb\u00e9m lugares fechados e com aglomera\u00e7\u00e3o de pessoas, pois a chance de contamina\u00e7\u00e3o \u00e9 ainda maior;. O aleitamento materno \u00e9 uma grande fonte de anticorpos e ajuda na forma\u00e7\u00e3o do sistema imunol\u00f3gico dos beb\u00eas. Por isso a recomenda\u00e7\u00e3o de evitar leites industrializados pelo menos at\u00e9 o sexto m\u00eas de vida da crian\u00e7a. Veja abaixo mais algumas dicas que v\u00e3o ajudar a manter os pequenos longe das gripes e resfriados: \u2013&nbsp;&nbsp;&nbsp;Fique de olho na carteirinha de vacina\u00e7\u00e3o: vacinas em dia evitam cont\u00e1gio de doen\u00e7as graves. Se poss\u00edvel, procure tamb\u00e9m aplicar a vacina da gripe, dispon\u00edvel nos postos de sa\u00fade pr\u00f3ximo ao in\u00edcio do inverno; \u2013&nbsp;&nbsp;Evite fumar ou manter fumantes em &nbsp;locais pr\u00f3ximos \u00e0s crian\u00e7as, pois a fuma\u00e7a \u00e9 t\u00f3xica e causa irrita\u00e7\u00e3o nas vias respirat\u00f3rias; \u2013&nbsp;&nbsp;&nbsp;Caso seu filho apresente sinais de gripe ou outra &nbsp;doen\u00e7a respirat\u00f3ria, evite lev\u00e1-lo \u00e0 escola para n\u00e3o espalhar os v\u00edrus ou bact\u00e9rias. O repouso em casa tamb\u00e9m ir\u00e1 ajud\u00e1-lo na recupera\u00e7\u00e3o, embora, por causa do isolamento social por conta do Coronav\u00edrus, as crian\u00e7as j\u00e1 est\u00e3o em casa porque &nbsp;as aulas est\u00e3o &nbsp;suspensas. \u2013&nbsp;&nbsp;&nbsp;Agasalhe bem seu filho, PRINCIPALMENTE, PEITO E COSTAS, colocando se poss\u00edvel &nbsp;a parte de baixo da camiseta por dentro da cal\u00e7a, evitando assim qualquer contato com o ar frio do ambiente. &nbsp; Por\u00e9m n\u00e3o o agasalhe &nbsp;em excesso: o calor excessivo pode fazer a crian\u00e7a transpirar e deix\u00e1-la mais exposta ao frio; \u2013&nbsp; &nbsp;Evite ao m\u00e1ximo o contato de crian\u00e7as com pessoas com sintomas de gripe ou qualquer outro descrito anteriormente. Considerando a pandemia do Coronav\u00edrus,&nbsp; fa\u00e7a os procedimentos de assepsia das m\u00e3os, objetos e roupas, &nbsp;sempre que voltar para casa, &nbsp;ap\u00f3s &nbsp;tiver que sair , al\u00e9m do uso da m\u00e1scara o maior tempo poss\u00edvel, \u00e9 claro. Com todos esses cuidados, fica mais f\u00e1cil manter a crian\u00e7ada saud\u00e1vel e longe das doen\u00e7as do inverno! Deixe um coment\u00e1rio dizendo o que voc\u00ea achou deste post. Se quiser compartilh\u00e1-lo, segue o link deste post abaixo. https:\/\/www.dimmes.com.br\/blogpp\/frio-chegando-como-se-prevenir-das-temidas-doencas-do-inverno-com-eficiencia\/ Este post \u00e9 um oferecimento de Dimmes Loja virtual. A loja que vende produtos oficiais do Patati Patat\u00e1.&nbsp; Se voc\u00ea e seu filho s\u00e3o&nbsp; f\u00e3s do&nbsp; Patati Patat\u00e1, visite nossa loja em&nbsp;&nbsp;https:\/\/www.dimmes.com.br\/loja\/index.php<\/p>\n","protected":false},"author":1,"featured_media":857,"comment_status":"open","ping_status":"open","sticky":false,"template":"","format":"standard","meta":{"footnotes":""},"categories":[43],"tags":[],"class_list":["post-885","post","type-post","status-publish","format-standard","has-post-thumbnail","hentry","category-utilidade-publica"],"yoast_head":"<!-- This site is optimized with the Yoast SEO Premium plugin v17.7 (Yoast SEO v21.2) - https:\/\/yoast.com\/wordpress\/plugins\/seo\/ -->\n<title>Frio chegando. Como se prevenir das temidas doen\u00e7as do inverno com efici\u00eancia? - Blog da Loja Dimmes<\/title>\n<meta name=\"description\" content=\"Voc\u00ea sabe como se proteger e proteger seu filho das doen\u00e7as que se espalham principalmente no frio? Esta mat\u00e9ria ensina exatamente isto.\" \/>\n<meta name=\"robots\" content=\"index, follow, max-snippet:-1, max-image-preview:large, max-video-preview:-1\" \/>\n<link rel=\"canonical\" href=\"https:\/\/www.dimmes.com.br\/blogpp\/frio-chegando-como-se-prevenir-das-temidas-doencas-do-inverno-com-eficiencia\/\" \/>\n<meta property=\"og:locale\" content=\"pt_BR\" \/>\n<meta property=\"og:type\" content=\"article\" \/>\n<meta property=\"og:title\" content=\"Frio chegando. Como se prevenir das temidas doen\u00e7as do inverno com efici\u00eancia?\" \/>\n<meta property=\"og:description\" content=\"Voc\u00ea sabe como se proteger e proteger seu filho das doen\u00e7as que se espalham principalmente no frio? Esta mat\u00e9ria ensina exatamente isto.\" \/>\n<meta property=\"og:url\" content=\"https:\/\/www.dimmes.com.br\/blogpp\/frio-chegando-como-se-prevenir-das-temidas-doencas-do-inverno-com-eficiencia\/\" \/>\n<meta property=\"og:site_name\" content=\"Blog da Loja Dimmes\" \/>\n<meta property=\"article:published_time\" content=\"2020-05-24T01:05:35+00:00\" \/>\n<meta property=\"article:modified_time\" content=\"2020-05-24T01:55:15+00:00\" \/>\n<meta property=\"og:image\" content=\"https:\/\/www.dimmes.com.br\/blogpp\/wp-content\/uploads\/2020\/05\/criancas-prob-resp2ed.jpg\" \/>\n\t<meta property=\"og:image:width\" content=\"300\" \/>\n\t<meta property=\"og:image:height\" content=\"300\" \/>\n\t<meta property=\"og:image:type\" content=\"image\/jpeg\" \/>\n<meta name=\"author\" content=\"Central de Jornalismo\" \/>\n<meta name=\"twitter:card\" content=\"summary_large_image\" \/>\n<meta name=\"twitter:label1\" content=\"Escrito por\" \/>\n\t<meta name=\"twitter:data1\" content=\"Central de Jornalismo\" \/>\n\t<meta name=\"twitter:label2\" content=\"Est. tempo de leitura\" \/>\n\t<meta name=\"twitter:data2\" content=\"3 minutos\" \/>\n<script type=\"application\/ld+json\" class=\"yoast-schema-graph\">{\"@context\":\"https:\/\/schema.org\",\"@graph\":[{\"@type\":\"Article\",\"@id\":\"https:\/\/www.dimmes.com.br\/blogpp\/frio-chegando-como-se-prevenir-das-temidas-doencas-do-inverno-com-eficiencia\/#article\",\"isPartOf\":{\"@id\":\"https:\/\/www.dimmes.com.br\/blogpp\/frio-chegando-como-se-prevenir-das-temidas-doencas-do-inverno-com-eficiencia\/\"},\"author\":{\"name\":\"Central de Jornalismo\",\"@id\":\"https:\/\/www.dimmes.com.br\/blogpp\/#\/schema\/person\/7ed8c6c757788e9cfc27ce31152f4ee3\"},\"headline\":\"Frio chegando. Como se prevenir das temidas doen\u00e7as do inverno com efici\u00eancia?\",\"datePublished\":\"2020-05-24T01:05:35+00:00\",\"dateModified\":\"2020-05-24T01:55:15+00:00\",\"mainEntityOfPage\":{\"@id\":\"https:\/\/www.dimmes.com.br\/blogpp\/frio-chegando-como-se-prevenir-das-temidas-doencas-do-inverno-com-eficiencia\/\"},\"wordCount\":693,\"commentCount\":0,\"publisher\":{\"@id\":\"https:\/\/www.dimmes.com.br\/blogpp\/#organization\"},\"articleSection\":[\"Utilidade P\u00fablica\"],\"inLanguage\":\"pt-BR\",\"potentialAction\":[{\"@type\":\"CommentAction\",\"name\":\"Comment\",\"target\":[\"https:\/\/www.dimmes.com.br\/blogpp\/frio-chegando-como-se-prevenir-das-temidas-doencas-do-inverno-com-eficiencia\/#respond\"]}]},{\"@type\":\"WebPage\",\"@id\":\"https:\/\/www.dimmes.com.br\/blogpp\/frio-chegando-como-se-prevenir-das-temidas-doencas-do-inverno-com-eficiencia\/\",\"url\":\"https:\/\/www.dimmes.com.br\/blogpp\/frio-chegando-como-se-prevenir-das-temidas-doencas-do-inverno-com-eficiencia\/\",\"name\":\"Frio chegando. Como se prevenir das temidas doen\u00e7as do inverno com efici\u00eancia? - Blog da Loja Dimmes\",\"isPartOf\":{\"@id\":\"https:\/\/www.dimmes.com.br\/blogpp\/#website\"},\"datePublished\":\"2020-05-24T01:05:35+00:00\",\"dateModified\":\"2020-05-24T01:55:15+00:00\",\"description\":\"Voc\u00ea sabe como se proteger e proteger seu filho das doen\u00e7as que se espalham principalmente no frio? Esta mat\u00e9ria ensina exatamente isto.\",\"breadcrumb\":{\"@id\":\"https:\/\/www.dimmes.com.br\/blogpp\/frio-chegando-como-se-prevenir-das-temidas-doencas-do-inverno-com-eficiencia\/#breadcrumb\"},\"inLanguage\":\"pt-BR\",\"potentialAction\":[{\"@type\":\"ReadAction\",\"target\":[\"https:\/\/www.dimmes.com.br\/blogpp\/frio-chegando-como-se-prevenir-das-temidas-doencas-do-inverno-com-eficiencia\/\"]}]},{\"@type\":\"BreadcrumbList\",\"@id\":\"https:\/\/www.dimmes.com.br\/blogpp\/frio-chegando-como-se-prevenir-das-temidas-doencas-do-inverno-com-eficiencia\/#breadcrumb\",\"itemListElement\":[{\"@type\":\"ListItem\",\"position\":1,\"name\":\"Home\",\"item\":\"https:\/\/www.dimmes.com.br\/blogpp\/\"},{\"@type\":\"ListItem\",\"position\":2,\"name\":\"Frio chegando. Como se prevenir das temidas doen\u00e7as do inverno com efici\u00eancia?\"}]},{\"@type\":\"WebSite\",\"@id\":\"https:\/\/www.dimmes.com.br\/blogpp\/#website\",\"url\":\"https:\/\/www.dimmes.com.br\/blogpp\/\",\"name\":\"Blog da Loja Dimmes\",\"description\":\"Blog com assuntos relacionados \u00e0s m\u00e3es e de interesse geral da fam\u00edlia.\",\"publisher\":{\"@id\":\"https:\/\/www.dimmes.com.br\/blogpp\/#organization\"},\"potentialAction\":[{\"@type\":\"SearchAction\",\"target\":{\"@type\":\"EntryPoint\",\"urlTemplate\":\"https:\/\/www.dimmes.com.br\/blogpp\/?s={search_term_string}\"},\"query-input\":\"required name=search_term_string\"}],\"inLanguage\":\"pt-BR\"},{\"@type\":\"Organization\",\"@id\":\"https:\/\/www.dimmes.com.br\/blogpp\/#organization\",\"name\":\"Blog da Loja Dimmes\",\"url\":\"https:\/\/www.dimmes.com.br\/blogpp\/\",\"logo\":{\"@type\":\"ImageObject\",\"inLanguage\":\"pt-BR\",\"@id\":\"https:\/\/www.dimmes.com.br\/blogpp\/#\/schema\/logo\/image\/\",\"url\":\"https:\/\/www.dimmes.com.br\/blogpp\/wp-content\/uploads\/2024\/01\/cropped-logo_D_vrd_75-1.jpg\",\"contentUrl\":\"https:\/\/www.dimmes.com.br\/blogpp\/wp-content\/uploads\/2024\/01\/cropped-logo_D_vrd_75-1.jpg\",\"width\":75,\"height\":76,\"caption\":\"Blog da Loja Dimmes\"},\"image\":{\"@id\":\"https:\/\/www.dimmes.com.br\/blogpp\/#\/schema\/logo\/image\/\"}},{\"@type\":\"Person\",\"@id\":\"https:\/\/www.dimmes.com.br\/blogpp\/#\/schema\/person\/7ed8c6c757788e9cfc27ce31152f4ee3\",\"name\":\"Central de Jornalismo\",\"image\":{\"@type\":\"ImageObject\",\"inLanguage\":\"pt-BR\",\"@id\":\"https:\/\/www.dimmes.com.br\/blogpp\/#\/schema\/person\/image\/\",\"url\":\"https:\/\/secure.gravatar.com\/avatar\/0b951f65735c561882b217da98c719c4e29cbdb0664f3df499ee630f9efe30b8?s=96&d=mm&r=g\",\"contentUrl\":\"https:\/\/secure.gravatar.com\/avatar\/0b951f65735c561882b217da98c719c4e29cbdb0664f3df499ee630f9efe30b8?s=96&d=mm&r=g\",\"caption\":\"Central de Jornalismo\"},\"gender\":\"Masculino\",\"knowsLanguage\":[\"Portugu\u00eas\",\"Ingl\u00eas\"],\"url\":\"https:\/\/www.dimmes.com.br\/blogpp\/author\/lhtuvi3hou\/\"}]}<\/script>\n<!-- \/ Yoast SEO Premium plugin. -->","yoast_head_json":{"title":"Frio chegando. Como se prevenir das temidas doen\u00e7as do inverno com efici\u00eancia? - Blog da Loja Dimmes","description":"Voc\u00ea sabe como se proteger e proteger seu filho das doen\u00e7as que se espalham principalmente no frio? Esta mat\u00e9ria ensina exatamente isto.","robots":{"index":"index","follow":"follow","max-snippet":"max-snippet:-1","max-image-preview":"max-image-preview:large","max-video-preview":"max-video-preview:-1"},"canonical":"https:\/\/www.dimmes.com.br\/blogpp\/frio-chegando-como-se-prevenir-das-temidas-doencas-do-inverno-com-eficiencia\/","og_locale":"pt_BR","og_type":"article","og_title":"Frio chegando. Como se prevenir das temidas doen\u00e7as do inverno com efici\u00eancia?","og_description":"Voc\u00ea sabe como se proteger e proteger seu filho das doen\u00e7as que se espalham principalmente no frio? Esta mat\u00e9ria ensina exatamente isto.","og_url":"https:\/\/www.dimmes.com.br\/blogpp\/frio-chegando-como-se-prevenir-das-temidas-doencas-do-inverno-com-eficiencia\/","og_site_name":"Blog da Loja Dimmes","article_published_time":"2020-05-24T01:05:35+00:00","article_modified_time":"2020-05-24T01:55:15+00:00","og_image":[{"width":300,"height":300,"url":"https:\/\/www.dimmes.com.br\/blogpp\/wp-content\/uploads\/2020\/05\/criancas-prob-resp2ed.jpg","type":"image\/jpeg"}],"author":"Central de Jornalismo","twitter_card":"summary_large_image","twitter_misc":{"Escrito por":"Central de Jornalismo","Est. tempo de leitura":"3 minutos"},"schema":{"@context":"https:\/\/schema.org","@graph":[{"@type":"Article","@id":"https:\/\/www.dimmes.com.br\/blogpp\/frio-chegando-como-se-prevenir-das-temidas-doencas-do-inverno-com-eficiencia\/#article","isPartOf":{"@id":"https:\/\/www.dimmes.com.br\/blogpp\/frio-chegando-como-se-prevenir-das-temidas-doencas-do-inverno-com-eficiencia\/"},"author":{"name":"Central de Jornalismo","@id":"https:\/\/www.dimmes.com.br\/blogpp\/#\/schema\/person\/7ed8c6c757788e9cfc27ce31152f4ee3"},"headline":"Frio chegando. Como se prevenir das temidas doen\u00e7as do inverno com efici\u00eancia?","datePublished":"2020-05-24T01:05:35+00:00","dateModified":"2020-05-24T01:55:15+00:00","mainEntityOfPage":{"@id":"https:\/\/www.dimmes.com.br\/blogpp\/frio-chegando-como-se-prevenir-das-temidas-doencas-do-inverno-com-eficiencia\/"},"wordCount":693,"commentCount":0,"publisher":{"@id":"https:\/\/www.dimmes.com.br\/blogpp\/#organization"},"articleSection":["Utilidade P\u00fablica"],"inLanguage":"pt-BR","potentialAction":[{"@type":"CommentAction","name":"Comment","target":["https:\/\/www.dimmes.com.br\/blogpp\/frio-chegando-como-se-prevenir-das-temidas-doencas-do-inverno-com-eficiencia\/#respond"]}]},{"@type":"WebPage","@id":"https:\/\/www.dimmes.com.br\/blogpp\/frio-chegando-como-se-prevenir-das-temidas-doencas-do-inverno-com-eficiencia\/","url":"https:\/\/www.dimmes.com.br\/blogpp\/frio-chegando-como-se-prevenir-das-temidas-doencas-do-inverno-com-eficiencia\/","name":"Frio chegando. Como se prevenir das temidas doen\u00e7as do inverno com efici\u00eancia? - Blog da Loja Dimmes","isPartOf":{"@id":"https:\/\/www.dimmes.com.br\/blogpp\/#website"},"datePublished":"2020-05-24T01:05:35+00:00","dateModified":"2020-05-24T01:55:15+00:00","description":"Voc\u00ea sabe como se proteger e proteger seu filho das doen\u00e7as que se espalham principalmente no frio? Esta mat\u00e9ria ensina exatamente isto.","breadcrumb":{"@id":"https:\/\/www.dimmes.com.br\/blogpp\/frio-chegando-como-se-prevenir-das-temidas-doencas-do-inverno-com-eficiencia\/#breadcrumb"},"inLanguage":"pt-BR","potentialAction":[{"@type":"ReadAction","target":["https:\/\/www.dimmes.com.br\/blogpp\/frio-chegando-como-se-prevenir-das-temidas-doencas-do-inverno-com-eficiencia\/"]}]},{"@type":"BreadcrumbList","@id":"https:\/\/www.dimmes.com.br\/blogpp\/frio-chegando-como-se-prevenir-das-temidas-doencas-do-inverno-com-eficiencia\/#breadcrumb","itemListElement":[{"@type":"ListItem","position":1,"name":"Home","item":"https:\/\/www.dimmes.com.br\/blogpp\/"},{"@type":"ListItem","position":2,"name":"Frio chegando. Como se prevenir das temidas doen\u00e7as do inverno com efici\u00eancia?"}]},{"@type":"WebSite","@id":"https:\/\/www.dimmes.com.br\/blogpp\/#website","url":"https:\/\/www.dimmes.com.br\/blogpp\/","name":"Blog da Loja Dimmes","description":"Blog com assuntos relacionados \u00e0s m\u00e3es e de interesse geral da fam\u00edlia.","publisher":{"@id":"https:\/\/www.dimmes.com.br\/blogpp\/#organization"},"potentialAction":[{"@type":"SearchAction","target":{"@type":"EntryPoint","urlTemplate":"https:\/\/www.dimmes.com.br\/blogpp\/?s={search_term_string}"},"query-input":"required name=search_term_string"}],"inLanguage":"pt-BR"},{"@type":"Organization","@id":"https:\/\/www.dimmes.com.br\/blogpp\/#organization","name":"Blog da Loja Dimmes","url":"https:\/\/www.dimmes.com.br\/blogpp\/","logo":{"@type":"ImageObject","inLanguage":"pt-BR","@id":"https:\/\/www.dimmes.com.br\/blogpp\/#\/schema\/logo\/image\/","url":"https:\/\/www.dimmes.com.br\/blogpp\/wp-content\/uploads\/2024\/01\/cropped-logo_D_vrd_75-1.jpg","contentUrl":"https:\/\/www.dimmes.com.br\/blogpp\/wp-content\/uploads\/2024\/01\/cropped-logo_D_vrd_75-1.jpg","width":75,"height":76,"caption":"Blog da Loja Dimmes"},"image":{"@id":"https:\/\/www.dimmes.com.br\/blogpp\/#\/schema\/logo\/image\/"}},{"@type":"Person","@id":"https:\/\/www.dimmes.com.br\/blogpp\/#\/schema\/person\/7ed8c6c757788e9cfc27ce31152f4ee3","name":"Central de Jornalismo","image":{"@type":"ImageObject","inLanguage":"pt-BR","@id":"https:\/\/www.dimmes.com.br\/blogpp\/#\/schema\/person\/image\/","url":"https:\/\/secure.gravatar.com\/avatar\/0b951f65735c561882b217da98c719c4e29cbdb0664f3df499ee630f9efe30b8?s=96&d=mm&r=g","contentUrl":"https:\/\/secure.gravatar.com\/avatar\/0b951f65735c561882b217da98c719c4e29cbdb0664f3df499ee630f9efe30b8?s=96&d=mm&r=g","caption":"Central de Jornalismo"},"gender":"Masculino","knowsLanguage":["Portugu\u00eas","Ingl\u00eas"],"url":"https:\/\/www.dimmes.com.br\/blogpp\/author\/lhtuvi3hou\/"}]}},"_links":{"self":[{"href":"https:\/\/www.dimmes.com.br\/blogpp\/wp-json\/wp\/v2\/posts\/885","targetHints":{"allow":["GET"]}}],"collection":[{"href":"https:\/\/www.dimmes.com.br\/blogpp\/wp-json\/wp\/v2\/posts"}],"about":[{"href":"https:\/\/www.dimmes.com.br\/blogpp\/wp-json\/wp\/v2\/types\/post"}],"author":[{"embeddable":true,"href":"https:\/\/www.dimmes.com.br\/blogpp\/wp-json\/wp\/v2\/users\/1"}],"replies":[{"embeddable":true,"href":"https:\/\/www.dimmes.com.br\/blogpp\/wp-json\/wp\/v2\/comments?post=885"}],"version-history":[{"count":8,"href":"https:\/\/www.dimmes.com.br\/blogpp\/wp-json\/wp\/v2\/posts\/885\/revisions"}],"predecessor-version":[{"id":896,"href":"https:\/\/www.dimmes.com.br\/blogpp\/wp-json\/wp\/v2\/posts\/885\/revisions\/896"}],"wp:featuredmedia":[{"embeddable":true,"href":"https:\/\/www.dimmes.com.br\/blogpp\/wp-json\/wp\/v2\/media\/857"}],"wp:attachment":[{"href":"https:\/\/www.dimmes.com.br\/blogpp\/wp-json\/wp\/v2\/media?parent=885"}],"wp:term":[{"taxonomy":"category","embeddable":true,"href":"https:\/\/www.dimmes.com.br\/blogpp\/wp-json\/wp\/v2\/categories?post=885"},{"taxonomy":"post_tag","embeddable":true,"href":"https:\/\/www.dimmes.com.br\/blogpp\/wp-json\/wp\/v2\/tags?post=885"}],"curies":[{"name":"wp","href":"https:\/\/api.w.org\/{rel}","templated":true}]}}