{"id":1141,"date":"2021-05-07T13:32:53","date_gmt":"2021-05-07T16:32:53","guid":{"rendered":"https:\/\/www.dimmes.com.br\/blogpp\/?p=1141"},"modified":"2021-10-13T19:09:36","modified_gmt":"2021-10-13T22:09:36","slug":"como-surgiu-o-dia-das-maes","status":"publish","type":"post","link":"https:\/\/www.dimmes.com.br\/blogpp\/como-surgiu-o-dia-das-maes\/","title":{"rendered":"Como surgiu o Dia das M\u00e3es"},"content":{"rendered":"\n<p><strong><em>DIA DAS M\u00c3ES<\/em><\/strong><\/p>\n\n\n\n<p>\u201c<em>Deus n\u00e3o podia estar em todo o lado e por isso criou as m\u00e3es<\/em>.\u201d (Rudyard Kipling)<\/p>\n\n\n\n<p>O\u00a0Dia das M\u00e3es\u00a0\u00e9 uma celebra\u00e7\u00e3o que surgiu nos Estados Unidos, sendo fundada por Anna Jarvis, <br><br>Anna era filha da ativista Ann Jarvis. <br><br>Anna criou esta data porque queria achar uma forma de  homenagear sua\u00a0m\u00e3e, falecida em 1905. Sua cria\u00e7\u00e3o oficial aconteceu em 1914, por meio do presidente norte-americano Woodrow Wilson.<\/p>\n\n\n\n<p>J\u00e1 no Brasil o &#8220;Dia das m\u00e3es&#8221;  foi oficializado no\u00a0Brasil\u00a0na d\u00e9cada de 1930, quando o presidente Get\u00falio Vargas emitiu o Decreto n\u00ba 21.366, em 5 de maio de 1932. <br><br>Ent\u00e3o, por meio desse documento, determinou-se o segundo domingo de maio como momento para comemorar os \u201csentimentos e virtudes\u201d do amor materno.<\/p>\n\n\n\n<p>No Brasil, comemora-se o Dia das M\u00e3es no\u00a0<strong>segundo domingo do m\u00eas de maio<\/strong>, assim como nos Estados Unidos, Jap\u00e3o e It\u00e1lia.<\/p>\n\n\n\n<p>Mas,  cada  pa\u00eds realiza a celebra\u00e7\u00e3o no momento que acha apropriado. <br><br>Porque o importante \u00e9 que essa figura t\u00e3o importante na vida de todos seja homenageada da forma que merece, independentemente da data.<\/p>\n\n\n\n<p>\u201c<em>Os bra\u00e7os de uma m\u00e3e s\u00e3o feitos de ternura e os filhos dormem profundamente neles<\/em>.\u201d (Victor Hugo)<\/p>\n\n\n\n<p>Este post \u00e9 um oferecimento da DImmes, Loja Oficial de produtos do Patati Patat\u00e1. <\/p>\n\n\n\n<p>Quem \u00e9 f\u00e3 do Patati Patat\u00e1 quer brincar com Patati Patat\u00e1!<\/p>\n\n\n\n<p>Ent\u00e3o se voc\u00ea \u00e9 f\u00e3 da dupla mais amada do Brasil, conhe\u00e7a a loja Oficial do Patati Patat\u00e1 em   <br><a href=\"https:\/\/www.dimmes.com.br\/loja\/?utm_source=blogpp&amp;utm_medium=diamaes\">https:\/\/www.dimmes.com.br\/loja\/?utm_source=blogpp&amp;utm_medium=diamaes<\/a><\/p>\n\n\n\n<p>Deixe um coment\u00e1rio abaixo do que voc\u00ea achou deste post. <\/p>\n\n\n\n<p>Se quiser compartilhar este post,  segue o link: <a href=\"https:\/\/www.dimmes.com.br\/blogpp\/como-surgiu-o-dia-das-maes\/?utm_source=blogpp&amp;utm_medium=diamae\" target=\"_blank\" rel=\"noreferrer noopener\">  https:\/\/www.dimmes.com.br\/blogpp\/como-surgiu-o-dia-das-maes\/<\/a><br><br>Visite tamb\u00e9m nossa p\u00e1gina no Facebook e  Instagram. <\/p>\n\n\n\n<p><\/p>\n\n\n\n<p><\/p>\n","protected":false},"excerpt":{"rendered":"<p>DIA DAS M\u00c3ES \u201cDeus n\u00e3o podia estar em todo o lado e por isso criou as m\u00e3es.\u201d (Rudyard Kipling) O\u00a0Dia das M\u00e3es\u00a0\u00e9 uma celebra\u00e7\u00e3o que surgiu nos Estados Unidos, sendo fundada por Anna Jarvis, Anna era filha da ativista Ann Jarvis. Anna criou esta data porque queria achar uma forma de homenagear sua\u00a0m\u00e3e, falecida em 1905. Sua cria\u00e7\u00e3o oficial aconteceu em 1914, por meio do presidente norte-americano Woodrow Wilson. J\u00e1 no Brasil o &#8220;Dia das m\u00e3es&#8221; foi oficializado no\u00a0Brasil\u00a0na d\u00e9cada de 1930, quando o presidente Get\u00falio Vargas emitiu o Decreto n\u00ba 21.366, em 5 de maio de 1932. Ent\u00e3o, por meio desse documento, determinou-se o segundo domingo de maio como momento para comemorar os \u201csentimentos e virtudes\u201d do amor materno. No Brasil, comemora-se o Dia das M\u00e3es no\u00a0segundo domingo do m\u00eas de maio, assim como nos Estados Unidos, Jap\u00e3o e It\u00e1lia. Mas, cada pa\u00eds realiza a celebra\u00e7\u00e3o no momento que acha apropriado. Porque o importante \u00e9 que essa figura t\u00e3o importante na vida de todos seja homenageada da forma que merece, independentemente da data. \u201cOs bra\u00e7os de uma m\u00e3e s\u00e3o feitos de ternura e os filhos dormem profundamente neles.\u201d (Victor Hugo) Este post \u00e9 um oferecimento da DImmes, Loja Oficial de produtos do Patati Patat\u00e1. Quem \u00e9 f\u00e3 do Patati Patat\u00e1 quer brincar com Patati Patat\u00e1! Ent\u00e3o se voc\u00ea \u00e9 f\u00e3 da dupla mais amada do Brasil, conhe\u00e7a a loja Oficial do Patati Patat\u00e1 em https:\/\/www.dimmes.com.br\/loja\/?utm_source=blogpp&amp;utm_medium=diamaes Deixe um coment\u00e1rio abaixo do que voc\u00ea achou deste post. Se quiser compartilhar este post, segue o link: https:\/\/www.dimmes.com.br\/blogpp\/como-surgiu-o-dia-das-maes\/ Visite tamb\u00e9m nossa p\u00e1gina no Facebook e Instagram.<\/p>\n","protected":false},"author":1,"featured_media":1143,"comment_status":"open","ping_status":"open","sticky":false,"template":"","format":"standard","meta":{"footnotes":""},"categories":[43],"tags":[],"class_list":["post-1141","post","type-post","status-publish","format-standard","has-post-thumbnail","hentry","category-utilidade-publica"],"yoast_head":"<!-- This site is optimized with the Yoast SEO Premium plugin v17.7 (Yoast SEO v21.2) - https:\/\/yoast.com\/wordpress\/plugins\/seo\/ -->\n<title>Como surgiu o Dia das M\u00e3es - Blog da Loja Dimmes<\/title>\n<meta name=\"description\" content=\"Voc\u00ea sabe quando, onde e como surgiu o dia das m\u00e3es? Voc\u00ea vai descobrir neste tamb\u00e9m porque esta data foi criada.\" \/>\n<meta name=\"robots\" content=\"index, follow, max-snippet:-1, max-image-preview:large, max-video-preview:-1\" \/>\n<link rel=\"canonical\" href=\"https:\/\/www.dimmes.com.br\/blogpp\/como-surgiu-o-dia-das-maes\/\" \/>\n<meta property=\"og:locale\" content=\"pt_BR\" \/>\n<meta property=\"og:type\" content=\"article\" \/>\n<meta property=\"og:title\" content=\"Como surgiu o Dia das M\u00e3es\" \/>\n<meta property=\"og:description\" content=\"Voc\u00ea sabe quando, onde e como surgiu o dia das m\u00e3es? Voc\u00ea vai descobrir neste tamb\u00e9m porque esta data foi criada.\" \/>\n<meta property=\"og:url\" content=\"https:\/\/www.dimmes.com.br\/blogpp\/como-surgiu-o-dia-das-maes\/\" \/>\n<meta property=\"og:site_name\" content=\"Blog da Loja Dimmes\" \/>\n<meta property=\"article:published_time\" content=\"2021-05-07T16:32:53+00:00\" \/>\n<meta property=\"article:modified_time\" content=\"2021-10-13T22:09:36+00:00\" \/>\n<meta property=\"og:image\" content=\"https:\/\/www.dimmes.com.br\/blogpp\/wp-content\/uploads\/2021\/05\/maes-prov1.png\" \/>\n\t<meta property=\"og:image:width\" content=\"417\" \/>\n\t<meta property=\"og:image:height\" content=\"242\" \/>\n\t<meta property=\"og:image:type\" content=\"image\/png\" \/>\n<meta name=\"author\" content=\"Central de Jornalismo\" \/>\n<meta name=\"twitter:card\" content=\"summary_large_image\" \/>\n<meta name=\"twitter:label1\" content=\"Escrito por\" \/>\n\t<meta name=\"twitter:data1\" content=\"Central de Jornalismo\" \/>\n\t<meta name=\"twitter:label2\" content=\"Est. tempo de leitura\" \/>\n\t<meta name=\"twitter:data2\" content=\"2 minutos\" \/>\n<script type=\"application\/ld+json\" class=\"yoast-schema-graph\">{\"@context\":\"https:\/\/schema.org\",\"@graph\":[{\"@type\":\"Article\",\"@id\":\"https:\/\/www.dimmes.com.br\/blogpp\/como-surgiu-o-dia-das-maes\/#article\",\"isPartOf\":{\"@id\":\"https:\/\/www.dimmes.com.br\/blogpp\/como-surgiu-o-dia-das-maes\/\"},\"author\":{\"name\":\"Central de Jornalismo\",\"@id\":\"https:\/\/www.dimmes.com.br\/blogpp\/#\/schema\/person\/7ed8c6c757788e9cfc27ce31152f4ee3\"},\"headline\":\"Como surgiu o Dia das M\u00e3es\",\"datePublished\":\"2021-05-07T16:32:53+00:00\",\"dateModified\":\"2021-10-13T22:09:36+00:00\",\"mainEntityOfPage\":{\"@id\":\"https:\/\/www.dimmes.com.br\/blogpp\/como-surgiu-o-dia-das-maes\/\"},\"wordCount\":309,\"commentCount\":1,\"publisher\":{\"@id\":\"https:\/\/www.dimmes.com.br\/blogpp\/#organization\"},\"articleSection\":[\"Utilidade P\u00fablica\"],\"inLanguage\":\"pt-BR\",\"potentialAction\":[{\"@type\":\"CommentAction\",\"name\":\"Comment\",\"target\":[\"https:\/\/www.dimmes.com.br\/blogpp\/como-surgiu-o-dia-das-maes\/#respond\"]}]},{\"@type\":\"WebPage\",\"@id\":\"https:\/\/www.dimmes.com.br\/blogpp\/como-surgiu-o-dia-das-maes\/\",\"url\":\"https:\/\/www.dimmes.com.br\/blogpp\/como-surgiu-o-dia-das-maes\/\",\"name\":\"Como surgiu o Dia das M\u00e3es - Blog da Loja Dimmes\",\"isPartOf\":{\"@id\":\"https:\/\/www.dimmes.com.br\/blogpp\/#website\"},\"datePublished\":\"2021-05-07T16:32:53+00:00\",\"dateModified\":\"2021-10-13T22:09:36+00:00\",\"description\":\"Voc\u00ea sabe quando, onde e como surgiu o dia das m\u00e3es? Voc\u00ea vai descobrir neste tamb\u00e9m porque esta data foi criada.\",\"breadcrumb\":{\"@id\":\"https:\/\/www.dimmes.com.br\/blogpp\/como-surgiu-o-dia-das-maes\/#breadcrumb\"},\"inLanguage\":\"pt-BR\",\"potentialAction\":[{\"@type\":\"ReadAction\",\"target\":[\"https:\/\/www.dimmes.com.br\/blogpp\/como-surgiu-o-dia-das-maes\/\"]}]},{\"@type\":\"BreadcrumbList\",\"@id\":\"https:\/\/www.dimmes.com.br\/blogpp\/como-surgiu-o-dia-das-maes\/#breadcrumb\",\"itemListElement\":[{\"@type\":\"ListItem\",\"position\":1,\"name\":\"Home\",\"item\":\"https:\/\/www.dimmes.com.br\/blogpp\/\"},{\"@type\":\"ListItem\",\"position\":2,\"name\":\"Como surgiu o Dia das M\u00e3es\"}]},{\"@type\":\"WebSite\",\"@id\":\"https:\/\/www.dimmes.com.br\/blogpp\/#website\",\"url\":\"https:\/\/www.dimmes.com.br\/blogpp\/\",\"name\":\"Blog da Loja Dimmes\",\"description\":\"Blog com assuntos relacionados \u00e0s m\u00e3es e de interesse geral da fam\u00edlia.\",\"publisher\":{\"@id\":\"https:\/\/www.dimmes.com.br\/blogpp\/#organization\"},\"potentialAction\":[{\"@type\":\"SearchAction\",\"target\":{\"@type\":\"EntryPoint\",\"urlTemplate\":\"https:\/\/www.dimmes.com.br\/blogpp\/?s={search_term_string}\"},\"query-input\":\"required name=search_term_string\"}],\"inLanguage\":\"pt-BR\"},{\"@type\":\"Organization\",\"@id\":\"https:\/\/www.dimmes.com.br\/blogpp\/#organization\",\"name\":\"Blog da Loja Dimmes\",\"url\":\"https:\/\/www.dimmes.com.br\/blogpp\/\",\"logo\":{\"@type\":\"ImageObject\",\"inLanguage\":\"pt-BR\",\"@id\":\"https:\/\/www.dimmes.com.br\/blogpp\/#\/schema\/logo\/image\/\",\"url\":\"https:\/\/www.dimmes.com.br\/blogpp\/wp-content\/uploads\/2024\/01\/cropped-logo_D_vrd_75-1.jpg\",\"contentUrl\":\"https:\/\/www.dimmes.com.br\/blogpp\/wp-content\/uploads\/2024\/01\/cropped-logo_D_vrd_75-1.jpg\",\"width\":75,\"height\":76,\"caption\":\"Blog da Loja Dimmes\"},\"image\":{\"@id\":\"https:\/\/www.dimmes.com.br\/blogpp\/#\/schema\/logo\/image\/\"}},{\"@type\":\"Person\",\"@id\":\"https:\/\/www.dimmes.com.br\/blogpp\/#\/schema\/person\/7ed8c6c757788e9cfc27ce31152f4ee3\",\"name\":\"Central de Jornalismo\",\"image\":{\"@type\":\"ImageObject\",\"inLanguage\":\"pt-BR\",\"@id\":\"https:\/\/www.dimmes.com.br\/blogpp\/#\/schema\/person\/image\/\",\"url\":\"https:\/\/secure.gravatar.com\/avatar\/0b951f65735c561882b217da98c719c4e29cbdb0664f3df499ee630f9efe30b8?s=96&d=mm&r=g\",\"contentUrl\":\"https:\/\/secure.gravatar.com\/avatar\/0b951f65735c561882b217da98c719c4e29cbdb0664f3df499ee630f9efe30b8?s=96&d=mm&r=g\",\"caption\":\"Central de Jornalismo\"},\"gender\":\"Masculino\",\"knowsLanguage\":[\"Portugu\u00eas\",\"Ingl\u00eas\"],\"url\":\"https:\/\/www.dimmes.com.br\/blogpp\/author\/lhtuvi3hou\/\"}]}<\/script>\n<!-- \/ Yoast SEO Premium plugin. -->","yoast_head_json":{"title":"Como surgiu o Dia das M\u00e3es - Blog da Loja Dimmes","description":"Voc\u00ea sabe quando, onde e como surgiu o dia das m\u00e3es? Voc\u00ea vai descobrir neste tamb\u00e9m porque esta data foi criada.","robots":{"index":"index","follow":"follow","max-snippet":"max-snippet:-1","max-image-preview":"max-image-preview:large","max-video-preview":"max-video-preview:-1"},"canonical":"https:\/\/www.dimmes.com.br\/blogpp\/como-surgiu-o-dia-das-maes\/","og_locale":"pt_BR","og_type":"article","og_title":"Como surgiu o Dia das M\u00e3es","og_description":"Voc\u00ea sabe quando, onde e como surgiu o dia das m\u00e3es? Voc\u00ea vai descobrir neste tamb\u00e9m porque esta data foi criada.","og_url":"https:\/\/www.dimmes.com.br\/blogpp\/como-surgiu-o-dia-das-maes\/","og_site_name":"Blog da Loja Dimmes","article_published_time":"2021-05-07T16:32:53+00:00","article_modified_time":"2021-10-13T22:09:36+00:00","og_image":[{"width":417,"height":242,"url":"https:\/\/www.dimmes.com.br\/blogpp\/wp-content\/uploads\/2021\/05\/maes-prov1.png","type":"image\/png"}],"author":"Central de Jornalismo","twitter_card":"summary_large_image","twitter_misc":{"Escrito por":"Central de Jornalismo","Est. tempo de leitura":"2 minutos"},"schema":{"@context":"https:\/\/schema.org","@graph":[{"@type":"Article","@id":"https:\/\/www.dimmes.com.br\/blogpp\/como-surgiu-o-dia-das-maes\/#article","isPartOf":{"@id":"https:\/\/www.dimmes.com.br\/blogpp\/como-surgiu-o-dia-das-maes\/"},"author":{"name":"Central de Jornalismo","@id":"https:\/\/www.dimmes.com.br\/blogpp\/#\/schema\/person\/7ed8c6c757788e9cfc27ce31152f4ee3"},"headline":"Como surgiu o Dia das M\u00e3es","datePublished":"2021-05-07T16:32:53+00:00","dateModified":"2021-10-13T22:09:36+00:00","mainEntityOfPage":{"@id":"https:\/\/www.dimmes.com.br\/blogpp\/como-surgiu-o-dia-das-maes\/"},"wordCount":309,"commentCount":1,"publisher":{"@id":"https:\/\/www.dimmes.com.br\/blogpp\/#organization"},"articleSection":["Utilidade P\u00fablica"],"inLanguage":"pt-BR","potentialAction":[{"@type":"CommentAction","name":"Comment","target":["https:\/\/www.dimmes.com.br\/blogpp\/como-surgiu-o-dia-das-maes\/#respond"]}]},{"@type":"WebPage","@id":"https:\/\/www.dimmes.com.br\/blogpp\/como-surgiu-o-dia-das-maes\/","url":"https:\/\/www.dimmes.com.br\/blogpp\/como-surgiu-o-dia-das-maes\/","name":"Como surgiu o Dia das M\u00e3es - Blog da Loja Dimmes","isPartOf":{"@id":"https:\/\/www.dimmes.com.br\/blogpp\/#website"},"datePublished":"2021-05-07T16:32:53+00:00","dateModified":"2021-10-13T22:09:36+00:00","description":"Voc\u00ea sabe quando, onde e como surgiu o dia das m\u00e3es? Voc\u00ea vai descobrir neste tamb\u00e9m porque esta data foi criada.","breadcrumb":{"@id":"https:\/\/www.dimmes.com.br\/blogpp\/como-surgiu-o-dia-das-maes\/#breadcrumb"},"inLanguage":"pt-BR","potentialAction":[{"@type":"ReadAction","target":["https:\/\/www.dimmes.com.br\/blogpp\/como-surgiu-o-dia-das-maes\/"]}]},{"@type":"BreadcrumbList","@id":"https:\/\/www.dimmes.com.br\/blogpp\/como-surgiu-o-dia-das-maes\/#breadcrumb","itemListElement":[{"@type":"ListItem","position":1,"name":"Home","item":"https:\/\/www.dimmes.com.br\/blogpp\/"},{"@type":"ListItem","position":2,"name":"Como surgiu o Dia das M\u00e3es"}]},{"@type":"WebSite","@id":"https:\/\/www.dimmes.com.br\/blogpp\/#website","url":"https:\/\/www.dimmes.com.br\/blogpp\/","name":"Blog da Loja Dimmes","description":"Blog com assuntos relacionados \u00e0s m\u00e3es e de interesse geral da fam\u00edlia.","publisher":{"@id":"https:\/\/www.dimmes.com.br\/blogpp\/#organization"},"potentialAction":[{"@type":"SearchAction","target":{"@type":"EntryPoint","urlTemplate":"https:\/\/www.dimmes.com.br\/blogpp\/?s={search_term_string}"},"query-input":"required name=search_term_string"}],"inLanguage":"pt-BR"},{"@type":"Organization","@id":"https:\/\/www.dimmes.com.br\/blogpp\/#organization","name":"Blog da Loja Dimmes","url":"https:\/\/www.dimmes.com.br\/blogpp\/","logo":{"@type":"ImageObject","inLanguage":"pt-BR","@id":"https:\/\/www.dimmes.com.br\/blogpp\/#\/schema\/logo\/image\/","url":"https:\/\/www.dimmes.com.br\/blogpp\/wp-content\/uploads\/2024\/01\/cropped-logo_D_vrd_75-1.jpg","contentUrl":"https:\/\/www.dimmes.com.br\/blogpp\/wp-content\/uploads\/2024\/01\/cropped-logo_D_vrd_75-1.jpg","width":75,"height":76,"caption":"Blog da Loja Dimmes"},"image":{"@id":"https:\/\/www.dimmes.com.br\/blogpp\/#\/schema\/logo\/image\/"}},{"@type":"Person","@id":"https:\/\/www.dimmes.com.br\/blogpp\/#\/schema\/person\/7ed8c6c757788e9cfc27ce31152f4ee3","name":"Central de Jornalismo","image":{"@type":"ImageObject","inLanguage":"pt-BR","@id":"https:\/\/www.dimmes.com.br\/blogpp\/#\/schema\/person\/image\/","url":"https:\/\/secure.gravatar.com\/avatar\/0b951f65735c561882b217da98c719c4e29cbdb0664f3df499ee630f9efe30b8?s=96&d=mm&r=g","contentUrl":"https:\/\/secure.gravatar.com\/avatar\/0b951f65735c561882b217da98c719c4e29cbdb0664f3df499ee630f9efe30b8?s=96&d=mm&r=g","caption":"Central de Jornalismo"},"gender":"Masculino","knowsLanguage":["Portugu\u00eas","Ingl\u00eas"],"url":"https:\/\/www.dimmes.com.br\/blogpp\/author\/lhtuvi3hou\/"}]}},"_links":{"self":[{"href":"https:\/\/www.dimmes.com.br\/blogpp\/wp-json\/wp\/v2\/posts\/1141","targetHints":{"allow":["GET"]}}],"collection":[{"href":"https:\/\/www.dimmes.com.br\/blogpp\/wp-json\/wp\/v2\/posts"}],"about":[{"href":"https:\/\/www.dimmes.com.br\/blogpp\/wp-json\/wp\/v2\/types\/post"}],"author":[{"embeddable":true,"href":"https:\/\/www.dimmes.com.br\/blogpp\/wp-json\/wp\/v2\/users\/1"}],"replies":[{"embeddable":true,"href":"https:\/\/www.dimmes.com.br\/blogpp\/wp-json\/wp\/v2\/comments?post=1141"}],"version-history":[{"count":5,"href":"https:\/\/www.dimmes.com.br\/blogpp\/wp-json\/wp\/v2\/posts\/1141\/revisions"}],"predecessor-version":[{"id":1149,"href":"https:\/\/www.dimmes.com.br\/blogpp\/wp-json\/wp\/v2\/posts\/1141\/revisions\/1149"}],"wp:featuredmedia":[{"embeddable":true,"href":"https:\/\/www.dimmes.com.br\/blogpp\/wp-json\/wp\/v2\/media\/1143"}],"wp:attachment":[{"href":"https:\/\/www.dimmes.com.br\/blogpp\/wp-json\/wp\/v2\/media?parent=1141"}],"wp:term":[{"taxonomy":"category","embeddable":true,"href":"https:\/\/www.dimmes.com.br\/blogpp\/wp-json\/wp\/v2\/categories?post=1141"},{"taxonomy":"post_tag","embeddable":true,"href":"https:\/\/www.dimmes.com.br\/blogpp\/wp-json\/wp\/v2\/tags?post=1141"}],"curies":[{"name":"wp","href":"https:\/\/api.w.org\/{rel}","templated":true}]}}